{"id":244,"date":"2020-04-02T19:30:49","date_gmt":"2020-04-02T19:30:49","guid":{"rendered":"http:\/\/meinegalerie.me\/?p=244"},"modified":"2020-10-21T06:55:39","modified_gmt":"2020-10-21T06:55:39","slug":"wortmalerei","status":"publish","type":"post","link":"https:\/\/meinegalerie.me\/?p=244","title":{"rendered":"Wortmalerei"},"content":{"rendered":"\n<p>Bilder \u2013 Michael Gro\u00dfer<br>Lyrik \u2013 Isabelle Gro\u00dfer<\/p>\n\n\n\n<p><\/p>\n\n\n\n<p><strong>Bilder und Worte geh\u00f6ren zusammen.<\/strong><\/p>\n\n\n\n<p>Ab und an werde ich bei einer Ausstellung gefragt, wie ein Bild entstand und was ich dabei zum Ausdruck bringen m\u00f6chte. <br><br>Meine emotionalen Kompositionen entstehen frei und spontan. Je nach Stimmung erfolgt die Wahl der Leinwand, gefolgt von einer Auswahl von Farben und Materialien, mit denen ich malen m\u00f6chte. Einmal begonnen, tauche ich in meine Welt der Farben und lasse mich treiben. So entsteht jedes Bild aus sich und stellt eine ganz pers\u00f6nliche Momentaufnahme meines inneren Ich\u2019s dar. Es erz\u00e4hlt ein St\u00fcck von meinen Gef\u00fchlen und Stimmungen.<\/p>\n\n\n\n<p>So f\u00e4llt es mir im Nachhinein manchmal schwer, diesen Gef\u00fchlszustand zu beschreiben. <\/p>\n\n\n\n<p>Bei meinen Gedanken dar\u00fcber stie\u00df ich auf eine freie Bildinterpretation meiner Tochter Isabelle. V\u00f6llig gefesselt von den Bildern, die Ihre Worte in meinem Kopf ausl\u00f6sten, entstand die gemeinsame Idee, ihre Worte mit meinen Bildern zu einem neuen Ganzen werden zu lassen. <br><\/p>\n\n\n\n<p>Das Projekt w\u00e4chst mit jedem Bild \u2013 und mit jeder wortgewaltigen Beschreibung. Keine Bildanalyse, kein \u201ewas will uns der Maler damit sagen\u2026\u201c<\/p>\n\n\n\n<p>Eine kurze Reise in die kunterbunte Welt der Phantasie. Angeregt durch ein Bild, dass im Kopf einer Wortmalerin zu einer kleinen Geschichte verschwimmt und lebendig wird. Und beim Anblick des Bildes f\u00fcr immer in Erinnerung bleibt.<\/p>\n\n\n\n<p>Phantastisch eingesprochen durch Rolf Berg, der sich spontan f\u00fcr dieses Projekt zur Verf\u00fcgung gestellt hat. <br>Abgemischt durch meinen Bruder Stephan, der dem Ganzen mit seiner Erfahrung den passenden Rahmen gab.<\/p>\n\n\n\n<div style=\"height:100px\" aria-hidden=\"true\" class=\"wp-block-spacer\"><\/div>\n\n\n\n<figure class=\"wp-block-image size-large\"><img fetchpriority=\"high\" decoding=\"async\" width=\"681\" height=\"1024\" src=\"http:\/\/meinegalerie.me\/wp-content\/uploads\/2020\/03\/AD641D02-7001-420D-93AA-2B994125BC68-681x1024.jpeg\" alt=\"\" class=\"wp-image-15\" srcset=\"https:\/\/meinegalerie.me\/wp-content\/uploads\/2020\/03\/AD641D02-7001-420D-93AA-2B994125BC68-681x1024.jpeg 681w, https:\/\/meinegalerie.me\/wp-content\/uploads\/2020\/03\/AD641D02-7001-420D-93AA-2B994125BC68-199x300.jpeg 199w, https:\/\/meinegalerie.me\/wp-content\/uploads\/2020\/03\/AD641D02-7001-420D-93AA-2B994125BC68-768x1155.jpeg 768w, https:\/\/meinegalerie.me\/wp-content\/uploads\/2020\/03\/AD641D02-7001-420D-93AA-2B994125BC68-1021x1536.jpeg 1021w, https:\/\/meinegalerie.me\/wp-content\/uploads\/2020\/03\/AD641D02-7001-420D-93AA-2B994125BC68-1362x2048.jpeg 1362w, https:\/\/meinegalerie.me\/wp-content\/uploads\/2020\/03\/AD641D02-7001-420D-93AA-2B994125BC68-scaled.jpeg 1702w\" sizes=\"(max-width: 681px) 100vw, 681px\" \/><figcaption>\u201eSpread my wings\u201c\u201c &#8211; Acryl auf Leinwand -180 x 120 <\/figcaption><\/figure>\n\n\n\n<p><strong>Spread my wings&nbsp;<\/strong><br><br>Mit einem Text von Isabelle Gro\u00dfer<\/p>\n\n\n\n<p>Eine milde Brise fuhr ihr durch die langen Haare, w\u00e4hrend sie sich an den Schuhkarton klammerte. Der Garten um sie herum hatte den kalten, frostigen Winter endg\u00fcltig ausgetrieben. Der Geruch von Maigl\u00f6ckchen und Tulpen hing in der Luft, der Kirschbaum stand bereits in rosafarbener Bl\u00fcte, ebenso wie die leuchtend gelben Forsythien&nbsp;&nbsp;und auch der Flieder begann auszuschlagen. Goldene Sonnenstrahlen fielen durch das noch hellgr\u00fcne, zarte Bl\u00e4tterdach der Buche \u00fcber ihr, und das Gras unter ihren F\u00fc\u00dfen war weich und \u00fcbers\u00e4t von kleinen G\u00e4nsebl\u00fcmchen. Erst das Zwitschern eines Vogels in den Baumkronen \u00fcber ihr riss sie zur\u00fcck in die Realit\u00e4t und zwang ihren Blick auf den Schuhkarton in ihren H\u00e4nden. Sie konnte praktisch sp\u00fcren, wie aufgeregt er war, all diese Ger\u00e4usch und Ger\u00fcche wieder wahrzunehmen. Behutsam klappte sie den Deckel auf und musterte die kleine Schwalbe, die sich im inneren des Kartons zwischen Watte und Stoff versteckt hatte. Schwarze, gl\u00e4nzende Knopfaugen blickten sie fragend an. Pl\u00f6tzlich hatte sie wieder das Bild des kleinen Vogels vor Augen, wie er vor ihrem Fenster im Schnee gelegen hatte, aufgeplustert und zitternd, mit einem v\u00f6llig entstellten, ramponierten Fl\u00fcgel. Wie vor wenigen Wochen hob sie ihn z\u00f6gernd hoch, doch dieses Mal schmiegte er sich in ihre warme Hand. Der Wind fuhr durch sein wieder gl\u00e4nzendes Federkleid, und der gebrochene Fl\u00fcgel schien wieder v\u00f6llig verheilt zu sein. Bei dem Gedanken daran, wie er in ihrem Zimmer herumgeflogen war, von Lampe zu Lampe und von Bild zu Bild, musste sie schmunzeln. Das Vogelzwitschern aus den \u00c4sten der Buche riss sie erneut aus ihren Gedanken, und die schwarzen Kopfaugen l\u00f6sten sich abrupt von ihr. Mit einem kr\u00e4ftigen, kunstvollen Fl\u00fcgelschlag warf sich die Schwalbe in die L\u00fcfte, flog h\u00f6her und h\u00f6her, als w\u00fcrde sie tanzen, spielte mit den Windb\u00f6en, als h\u00e4tte sie nie etwas anderes getan, bis sie schlie\u00dflich in den Baumkronen verschwand und sich das Zwitschern der beiden V\u00f6gel vermischte.<\/p>\n\n\n\n<div style=\"height:100px\" aria-hidden=\"true\" class=\"wp-block-spacer\"><\/div>\n\n\n\n<figure class=\"wp-block-image size-large\"><img decoding=\"async\" width=\"628\" height=\"1024\" src=\"http:\/\/meinegalerie.me\/wp-content\/uploads\/2020\/03\/059DBBEC-6344-41A5-8352-1227750DF1EF-628x1024.jpeg\" alt=\"\" class=\"wp-image-20\" srcset=\"https:\/\/meinegalerie.me\/wp-content\/uploads\/2020\/03\/059DBBEC-6344-41A5-8352-1227750DF1EF-628x1024.jpeg 628w, https:\/\/meinegalerie.me\/wp-content\/uploads\/2020\/03\/059DBBEC-6344-41A5-8352-1227750DF1EF-184x300.jpeg 184w, https:\/\/meinegalerie.me\/wp-content\/uploads\/2020\/03\/059DBBEC-6344-41A5-8352-1227750DF1EF-768x1252.jpeg 768w, https:\/\/meinegalerie.me\/wp-content\/uploads\/2020\/03\/059DBBEC-6344-41A5-8352-1227750DF1EF-942x1536.jpeg 942w, https:\/\/meinegalerie.me\/wp-content\/uploads\/2020\/03\/059DBBEC-6344-41A5-8352-1227750DF1EF-1256x2048.jpeg 1256w, https:\/\/meinegalerie.me\/wp-content\/uploads\/2020\/03\/059DBBEC-6344-41A5-8352-1227750DF1EF-scaled.jpeg 1571w\" sizes=\"(max-width: 628px) 100vw, 628px\" \/><figcaption>\u201ePrecious little Angel\u201c &#8211; Acryl auf Leinwand &#8211; 200 x 125<\/figcaption><\/figure>\n\n\n\n<p><strong>Precious little Angel&nbsp;<\/strong> <\/p>\n\n\n\n<p>Mit einem Text von Isabelle Gro\u00dfer<\/p>\n\n\n\n<p>Das grelle Fernlicht war das einzige, was die n\u00e4chtliche Landstra\u00dfe beleuchtete. Nicht einmal die Lichter einer fernen Stadt konnte er erkennen. Der wolkenverhangene Himmel schirmte jegliches Mondlicht ab und mittlerweile hatte er das Gef\u00fchl, die Dunkelheit hatte ihn endg\u00fcltig verschluckt. Die Finsternis war durchdringend und lie\u00df ihn trotz Heizung fr\u00f6steln. Mit starrem Blick und m\u00fcden Liedern beobachtete er, wie das Fernlicht die Stra\u00dfe und den Stra\u00dfenrand abtastete. Wenigstens hatte es aufgeh\u00f6rt zu regnen. Jetzt hingen d\u00fcnne Nebelschwaden \u00fcber den Feldern und machten die Landschaft noch d\u00fcsterer. Der Alltag hatte ihn ausgelaugt und der Umweg \u00fcber die Felder war erm\u00fcdend. Je l\u00e4nger er der Stra\u00dfe ins d\u00fcstere Ungewisse folgte, desto verlorener f\u00fchlte er sich. Seufzend drehte er das Autoradio etwas lauter \u2013 der verzweifelte Versuch, der dr\u00fcckenden Stille und wallenden M\u00fcdigkeit entgegenzuwirken. Als sein Blick wieder die Stra\u00dfe fand, zuckte er zusammen.&nbsp;Die dicke, tiefschwarze Wolkendecke war aufgerissen und intensives Mondlicht bahnte sich den Weg durch die Dunkelheit. Pl\u00f6tzlich waren alle M\u00fcdigkeit und Tr\u00fcbsinn verflogen. Er erinnerte sich nicht mal mehr daran, wie er den Wagen am Stra\u00dfenrand geparkt hatte und ausgestiegen war. Mit weit aufgerissenen Augen musterte er, wie die Wolken den Blick nach und nach auf einen strahlenden Meteorschauer freigaben. Tausende Sternschnuppen zogen \u00fcber den Nachthimmel, erhellten jegliches Dunkel und leuchteten so intensiv, dass das Licht seiner Scheinwerfer blass wirkte. Wie ein Regenschauer von goldgelben Lichtpartikeln, ein funkelnder Wasserfall aus hunderten kleinen Sonnen, der sich mit dem kraftvollen, durchdringenden Mondlicht des wei\u00df-silbernen Vollmondes vermischte und in seine tr\u00fcbe Welt eingefallen war. Der Himmel gl\u00fchte von Sternen, die sich verschwenderisch leuchtend in die Atmosph\u00e4re ergossen und dort in Sternenstaub aufl\u00f6sten.&nbsp;<\/p>\n\n\n\n<div style=\"height:100px\" aria-hidden=\"true\" class=\"wp-block-spacer\"><\/div>\n\n\n\n<figure class=\"wp-block-image size-large\"><img decoding=\"async\" width=\"509\" height=\"1024\" src=\"http:\/\/meinegalerie.me\/wp-content\/uploads\/2020\/03\/7CB297BB-A29B-4C3B-9A37-6150662B7F85-509x1024.jpeg\" alt=\"\" class=\"wp-image-22\" srcset=\"https:\/\/meinegalerie.me\/wp-content\/uploads\/2020\/03\/7CB297BB-A29B-4C3B-9A37-6150662B7F85-509x1024.jpeg 509w, https:\/\/meinegalerie.me\/wp-content\/uploads\/2020\/03\/7CB297BB-A29B-4C3B-9A37-6150662B7F85-149x300.jpeg 149w, https:\/\/meinegalerie.me\/wp-content\/uploads\/2020\/03\/7CB297BB-A29B-4C3B-9A37-6150662B7F85-768x1545.jpeg 768w, https:\/\/meinegalerie.me\/wp-content\/uploads\/2020\/03\/7CB297BB-A29B-4C3B-9A37-6150662B7F85-764x1536.jpeg 764w, https:\/\/meinegalerie.me\/wp-content\/uploads\/2020\/03\/7CB297BB-A29B-4C3B-9A37-6150662B7F85-1018x2048.jpeg 1018w, https:\/\/meinegalerie.me\/wp-content\/uploads\/2020\/03\/7CB297BB-A29B-4C3B-9A37-6150662B7F85-scaled.jpeg 1273w\" sizes=\"(max-width: 509px) 100vw, 509px\" \/><figcaption>\u201eStill looking\u201c &#8211; Acryl auf Leinwand &#8211; 240 x 120<\/figcaption><\/figure>\n\n\n\n<p><strong>Still looking <\/strong><\/p>\n\n\n\n<p>Mit einem Text von Isabelle Gro\u00dfer<\/p>\n\n\n\n<p>Die h\u00f6lzernen Planken knarrten unter der Wucht des Sturmes. Der prasselnde Regen war seit Stunden nicht mehr verstummt, als wolle er das Deck durchl\u00f6chern und der Wind schuf haushohe Wellen, die das Schiff nur so tanzen lie\u00dfen. Immer wieder zuckten taghelle Blitze durch die Nacht und gew\u00e4hrten einen Blick auf die aufgew\u00fchlte, sch\u00e4umende See. Mit einer qualmenden Pfeife im Mund und einer warmen Thermoskanne in den H\u00e4nden genoss er den ihm so vertrauten Anblick der See durch das kleine Fenster in der Kaj\u00fcte. Das Grollen des Donners, \u00c4chzen des Holzes und Brechen der Wellen schufen eine Melodie, die ihn zum Summen brachte. Obwohl die starken Str\u00f6mungen und der kr\u00e4ftige Wind durchaus besorgniserregend sein konnten, beruhigte ihn der Anblick der tosenden Fluten jedes mal. Wenn das weite, m\u00e4chtige Meer mal aus der Fassung geriet und zu sch\u00e4umen und st\u00fcrmen begann, war seine eigene Wut oder Verzweiflung so unbedeutend und nebens\u00e4chlich. Wenn sich die Wellen gegenseitig fra\u00dfen und Blitze wie entladene Wut aus den Wolken fuhren, wenn der Wind das Wasser zu zerrei\u00dfen schien, f\u00fchlte es sich an, als w\u00fcrde sich all das Chaos in ihm in eine kleine Windb\u00f6e verwandeln und mit in den Sturm mischen.&nbsp;<\/p>\n\n\n\n<p><\/p>\n\n\n\n<!--nextpage-->\n\n\n\n<p><br><\/p>\n\n\n\n<figure class=\"wp-block-gallery columns-0 is-cropped wp-block-gallery-1 is-layout-flex wp-block-gallery-is-layout-flex\"><ul class=\"blocks-gallery-grid\"><\/ul><\/figure>\n","protected":false},"excerpt":{"rendered":"<p>Bilder \u2013 Michael Gro\u00dferLyrik \u2013 Isabelle Gro\u00dfer Bilder und Worte geh\u00f6ren zusammen. Ab und an werde ich bei einer Ausstellung gefragt, wie ein Bild entstand und was ich dabei zum Ausdruck bringen m\u00f6chte. Meine emotionalen Kompositionen entstehen frei und spontan. Je nach Stimmung erfolgt die Wahl der Leinwand, gefolgt von einer Auswahl von Farben und &hellip; <\/p>\n<p class=\"link-more\"><a href=\"https:\/\/meinegalerie.me\/?p=244\" class=\"more-link\"><span class=\"screen-reader-text\">\u201eWortmalerei\u201c<\/span> weiterlesen<\/a><\/p>\n","protected":false},"author":1,"featured_media":0,"comment_status":"open","ping_status":"open","sticky":false,"template":"","format":"standard","meta":{"footnotes":""},"categories":[1],"tags":[],"class_list":["post-244","post","type-post","status-publish","format-standard","hentry","category-uncategorized"],"_links":{"self":[{"href":"https:\/\/meinegalerie.me\/index.php?rest_route=\/wp\/v2\/posts\/244","targetHints":{"allow":["GET"]}}],"collection":[{"href":"https:\/\/meinegalerie.me\/index.php?rest_route=\/wp\/v2\/posts"}],"about":[{"href":"https:\/\/meinegalerie.me\/index.php?rest_route=\/wp\/v2\/types\/post"}],"author":[{"embeddable":true,"href":"https:\/\/meinegalerie.me\/index.php?rest_route=\/wp\/v2\/users\/1"}],"replies":[{"embeddable":true,"href":"https:\/\/meinegalerie.me\/index.php?rest_route=%2Fwp%2Fv2%2Fcomments&post=244"}],"version-history":[{"count":21,"href":"https:\/\/meinegalerie.me\/index.php?rest_route=\/wp\/v2\/posts\/244\/revisions"}],"predecessor-version":[{"id":495,"href":"https:\/\/meinegalerie.me\/index.php?rest_route=\/wp\/v2\/posts\/244\/revisions\/495"}],"wp:attachment":[{"href":"https:\/\/meinegalerie.me\/index.php?rest_route=%2Fwp%2Fv2%2Fmedia&parent=244"}],"wp:term":[{"taxonomy":"category","embeddable":true,"href":"https:\/\/meinegalerie.me\/index.php?rest_route=%2Fwp%2Fv2%2Fcategories&post=244"},{"taxonomy":"post_tag","embeddable":true,"href":"https:\/\/meinegalerie.me\/index.php?rest_route=%2Fwp%2Fv2%2Ftags&post=244"}],"curies":[{"name":"wp","href":"https:\/\/api.w.org\/{rel}","templated":true}]}}